{"id":21556,"date":"2021-02-10T15:44:54","date_gmt":"2021-02-10T20:44:54","guid":{"rendered":"https:\/\/ssvmusa.org\/?p=21556"},"modified":"2021-02-12T09:36:37","modified_gmt":"2021-02-12T14:36:37","slug":"the-death-of-one-of-our-sisters-sr-maria-gloria-da-igreja","status":"publish","type":"post","link":"https:\/\/ssvmusa.org\/index.php\/2021\/02\/10\/the-death-of-one-of-our-sisters-sr-maria-gloria-da-igreja\/","title":{"rendered":"The Death of One of Our Sisters: Sr. Maria Gl\u00f3ria da Igreja"},"content":{"rendered":"\t\t<div data-elementor-type=\"wp-post\" data-elementor-id=\"21556\" class=\"elementor elementor-21556\">\n\t\t\t\t\t\t<section class=\"elementor-section elementor-top-section elementor-element elementor-element-4c40bb10 elementor-section-full_width elementor-section-height-default elementor-section-height-default\" data-id=\"4c40bb10\" data-element_type=\"section\" data-e-type=\"section\" data-settings=\"{&quot;background_background&quot;:&quot;classic&quot;}\">\n\t\t\t\t\t\t<div class=\"elementor-container elementor-column-gap-default\">\n\t\t\t\t\t<div class=\"elementor-column elementor-col-100 elementor-top-column elementor-element elementor-element-16a39d9\" data-id=\"16a39d9\" data-element_type=\"column\" data-e-type=\"column\">\n\t\t\t<div class=\"elementor-widget-wrap elementor-element-populated\">\n\t\t\t\t\t\t<div class=\"elementor-element elementor-element-40ad56 elementor-widget elementor-widget-image\" data-id=\"40ad56\" data-element_type=\"widget\" data-e-type=\"widget\" data-widget_type=\"image.default\">\n\t\t\t\t<div class=\"elementor-widget-container\">\n\t\t\t\t\t\t\t\t\t\t\t\t\t\t\t<img fetchpriority=\"high\" decoding=\"async\" width=\"800\" height=\"611\" src=\"https:\/\/i0.wp.com\/ssvmusa.org\/1s2s3v5m6\/wp-content\/uploads\/2021\/02\/sr-gloria-igreja.jpg?fit=800%2C611&amp;ssl=1\" class=\"attachment-full size-full wp-image-21562\" alt=\"\" srcset=\"https:\/\/i0.wp.com\/ssvmusa.org\/1s2s3v5m6\/wp-content\/uploads\/2021\/02\/sr-gloria-igreja.jpg?w=800&amp;ssl=1 800w, https:\/\/i0.wp.com\/ssvmusa.org\/1s2s3v5m6\/wp-content\/uploads\/2021\/02\/sr-gloria-igreja.jpg?resize=300%2C229&amp;ssl=1 300w, https:\/\/i0.wp.com\/ssvmusa.org\/1s2s3v5m6\/wp-content\/uploads\/2021\/02\/sr-gloria-igreja.jpg?resize=768%2C587&amp;ssl=1 768w\" sizes=\"(max-width: 800px) 100vw, 800px\" \/>\t\t\t\t\t\t\t\t\t\t\t\t\t\t\t<\/div>\n\t\t\t\t<\/div>\n\t\t\t\t\t<\/div>\n\t\t<\/div>\n\t\t\t\t\t<\/div>\n\t\t<\/section>\n\t\t\t\t<section class=\"elementor-section elementor-top-section elementor-element elementor-element-a0649f elementor-section-boxed elementor-section-height-default elementor-section-height-default\" data-id=\"a0649f\" data-element_type=\"section\" data-e-type=\"section\" data-settings=\"{&quot;background_background&quot;:&quot;classic&quot;}\">\n\t\t\t\t\t\t<div class=\"elementor-container elementor-column-gap-default\">\n\t\t\t\t\t<div class=\"elementor-column elementor-col-100 elementor-top-column elementor-element elementor-element-7a447251\" data-id=\"7a447251\" data-element_type=\"column\" data-e-type=\"column\">\n\t\t\t<div class=\"elementor-widget-wrap elementor-element-populated\">\n\t\t\t\t\t\t<div class=\"elementor-element elementor-element-40d45a1c elementor-widget elementor-widget-heading\" data-id=\"40d45a1c\" data-element_type=\"widget\" data-e-type=\"widget\" data-widget_type=\"heading.default\">\n\t\t\t\t<div class=\"elementor-widget-container\">\n\t\t\t\t\t<h2 class=\"elementor-heading-title elementor-size-default\">Sister Maria Gl\u00f3ria da Igreja \u2014 January 8, 1992 - \u2020 January 27, 2021<\/h2>\t\t\t\t<\/div>\n\t\t\t\t<\/div>\n\t\t\t\t<div class=\"elementor-element elementor-element-7412570c elementor-widget elementor-widget-text-editor\" data-id=\"7412570c\" data-element_type=\"widget\" data-e-type=\"widget\" data-widget_type=\"text-editor.default\">\n\t\t\t\t<div class=\"elementor-widget-container\">\n\t\t\t\t\t\t\t\t\t<h4 style=\"text-align: center;\">Precious in the sight of the Lord is the death of his saints.<\/h4><p>On January 27<sup>th<\/sup>, 2021, Sister Maria Gl\u00f3ria da Igreja (<em>Mary Glory of the Church <\/em>in Portuguese) finished her earthly pilgrimage and went to meet her Divine Spouse.\u00a0 Sister Gl\u00f3ria had suffered much of her religious life from various physical ailments. In December of 2020 she was diagnosed with cancer that had already metastasized, and a little over a month later she passed away in Rome in the presence of her parents and surrounded by her religious family.<\/p><p>Sister Gl\u00f3ria was born into a Baptist family in Bah\u00eda, Brazil in 1992, but was baptized Catholic at the age of 14. She entered religious life in S\u00e3o Paolo, Brazil in 2013 at the age of 21. After completing her initial formation in Brazil, she went to Italy to finish her studies. In 2018 Sister Gl\u00f3ria \u00a0requested to enter <a href=\"https:\/\/ssvmusa.org\/index.php\/contemplative-life\/\">contemplative life<\/a>, and in February of 2019 she entered the contemplative monastery in Tuscania, Italy. Shortly after, she offered herself to join the newly founded monastery in Albania, which prays for the particular intention of <em>\u201cthe Church and in reparation for the sins committed by her members\u201d.<\/em><\/p><p>Sister Gl\u00f3ria professed her perpetual vows to her Divine Bridegroom on January 1, 2021, and a few days later she was transferred to Rome for medical treatment. It was there that her parents were able to come from Brazil to be with her during her last days. In those last few weeks before her death, she was constantly surrounded by the members of our religious family and had the grace of the Holy Mass being offered in her room every day by one of the <a href=\"https:\/\/www.ivepriest.org\/\">priests of the Incarnate Word<\/a>. On January 27, 2021, after having participated in the second Mass celebrated that day in her room, she was called to the Eternal Wedding Feast of the Lamb.<\/p><p>Sister Gl\u00f3ria was known for her smile and her joyful spirit even in the midst of great suffering.\u00a0 She effectively practiced in her life what one of her favorite saints (St. Maravillas de Jes\u00fas) often said: &#8220;<em>What God wants, when God wants and how God wants it.<\/em>&#8220;<\/p><p>She always demonstrated a deep and fervent love of Our Lady, attributing her conversion and the discovery of the Catholic Church and of her vocation to Mary. We share with you an account in her own words of how she discovered Our Blessed Mother when she was 13:<\/p><p>\u00a0<em>As the years passed, my desire to be baptized grew, but according to Baptist custom, I could only do it once I was 14 years old. Meanwhile, I grew up listening to bad things about the Catholic Church (&#8230;) But above all, what I questioned the most was the way in which the Virgin Mary was talked about; she was treated in a very contemptuous way. She was that Lady who could not be loved. And although I did not understand much, I did not like their treating her in such a way because at least I knew that she was the Mother of Jesus and that surely He would not like them to speak ill of His Mother, as I would not like them to speak ill of mine.<\/em><\/p><p><em>At the age of 12, I became friends with several young Catholics from my school. Contrary to what I heard, they did not do bad things; they were good and always wore some symbol of their devotion to Mary: scapulars, T-shirts with the image of the Virgin, etc. In short, they publicly manifested the love they had for Mary. These attitudes challenged me internally and I decided to investigate who was this woman who was so despised by some and so loved by others. <\/em><\/p><p><em>I knew that I would find an answer in the Holy Scriptures since, given my evangelical formation, only there could I find the exact answer to my questions. So it was that searching in the Gospels I came to the passage of the Magnificat: \u201cMy soul proclaims the greatness of the Lord, my spirit rejoices in God my savior, because he has looked with favor on his lowly servant. From now on all generations will call me blessed \u201d. This woman could not be just any woman, since she was to be forever proclaimed blessed! By a grace of the Holy Spirit, at the age of 13 I decided to love her as mother and to seek to know the Church that proclaimed her \u2018blessed\u2019.\u201d<\/em><\/p><p>We give thanks to God for the life and vocation of Sister Gl\u00f3ria and we ask in a special way for the grace of final perseverance for all the members of our religious family.<\/p><p>Our Lady of Lujan, Mother of our vocations, <em>pray for us!<\/em><\/p>\t\t\t\t\t\t\t\t<\/div>\n\t\t\t\t<\/div>\n\t\t\t\t<div class=\"elementor-element elementor-element-c988ada elementor-widget elementor-widget-image\" data-id=\"c988ada\" data-element_type=\"widget\" data-e-type=\"widget\" data-widget_type=\"image.default\">\n\t\t\t\t<div class=\"elementor-widget-container\">\n\t\t\t\t\t\t\t\t\t\t\t\t<figure class=\"wp-caption\">\n\t\t\t\t\t\t\t\t\t\t<img data-recalc-dims=\"1\" decoding=\"async\" src=\"https:\/\/i0.wp.com\/ssvmusa.org\/1s2s3v5m6\/wp-content\/uploads\/elementor\/thumbs\/sister-gloria-novice-p2o8w93uvumk4qp9xpza3e6udhlgp7v4kl6qfvrrpc.jpg?w=1200&#038;ssl=1\" title=\"sister-gloria-novice\" alt=\"Sister Gl\u00f3ria as a novice\" loading=\"lazy\" \/>\t\t\t\t\t\t\t\t\t\t\t<figcaption class=\"widget-image-caption wp-caption-text\">Sister Gl\u00f3ria as a novice<\/figcaption>\n\t\t\t\t\t\t\t\t\t\t<\/figure>\n\t\t\t\t\t\t\t\t\t<\/div>\n\t\t\t\t<\/div>\n\t\t\t\t<section class=\"elementor-section elementor-inner-section elementor-element elementor-element-17896dd elementor-section-boxed elementor-section-height-default elementor-section-height-default\" data-id=\"17896dd\" data-element_type=\"section\" data-e-type=\"section\">\n\t\t\t\t\t\t<div class=\"elementor-container elementor-column-gap-default\">\n\t\t\t\t\t<div class=\"elementor-column elementor-col-50 elementor-inner-column elementor-element elementor-element-2d259a0\" data-id=\"2d259a0\" data-element_type=\"column\" data-e-type=\"column\">\n\t\t\t<div class=\"elementor-widget-wrap elementor-element-populated\">\n\t\t\t\t\t\t<div class=\"elementor-element elementor-element-3b372d7 elementor-widget elementor-widget-image\" data-id=\"3b372d7\" data-element_type=\"widget\" data-e-type=\"widget\" data-widget_type=\"image.default\">\n\t\t\t\t<div class=\"elementor-widget-container\">\n\t\t\t\t\t\t\t\t\t\t\t\t<figure class=\"wp-caption\">\n\t\t\t\t\t\t\t\t\t\t<img decoding=\"async\" width=\"453\" height=\"453\" src=\"https:\/\/i0.wp.com\/ssvmusa.org\/1s2s3v5m6\/wp-content\/uploads\/2021\/02\/contemplatives-albania.jpg?fit=453%2C453&amp;ssl=1\" class=\"attachment-large size-large wp-image-21569\" alt=\"\" \/>\t\t\t\t\t\t\t\t\t\t\t<figcaption class=\"widget-image-caption wp-caption-text\">Sister Gl\u00f3ria with the contemplative community in Albania<\/figcaption>\n\t\t\t\t\t\t\t\t\t\t<\/figure>\n\t\t\t\t\t\t\t\t\t<\/div>\n\t\t\t\t<\/div>\n\t\t\t\t\t<\/div>\n\t\t<\/div>\n\t\t\t\t<div class=\"elementor-column elementor-col-50 elementor-inner-column elementor-element elementor-element-d7514bd\" data-id=\"d7514bd\" data-element_type=\"column\" data-e-type=\"column\">\n\t\t\t<div class=\"elementor-widget-wrap elementor-element-populated\">\n\t\t\t\t\t\t<div class=\"elementor-element elementor-element-d95777b elementor-widget elementor-widget-image\" data-id=\"d95777b\" data-element_type=\"widget\" data-e-type=\"widget\" data-widget_type=\"image.default\">\n\t\t\t\t<div class=\"elementor-widget-container\">\n\t\t\t\t\t\t\t\t\t\t\t\t<figure class=\"wp-caption\">\n\t\t\t\t\t\t\t\t\t\t<img decoding=\"async\" width=\"533\" height=\"533\" src=\"https:\/\/i0.wp.com\/ssvmusa.org\/1s2s3v5m6\/wp-content\/uploads\/2021\/02\/contemplatives-albania2.jpg?fit=533%2C533&amp;ssl=1\" class=\"attachment-large size-large wp-image-21570\" alt=\"\" \/>\t\t\t\t\t\t\t\t\t\t\t<figcaption class=\"widget-image-caption wp-caption-text\">Sister Gl\u00f3ria on the day of her perpetual profession<\/figcaption>\n\t\t\t\t\t\t\t\t\t\t<\/figure>\n\t\t\t\t\t\t\t\t\t<\/div>\n\t\t\t\t<\/div>\n\t\t\t\t\t<\/div>\n\t\t<\/div>\n\t\t\t\t\t<\/div>\n\t\t<\/section>\n\t\t\t\t<div class=\"elementor-element elementor-element-3bfe2c88 elementor-widget elementor-widget-spacer\" data-id=\"3bfe2c88\" data-element_type=\"widget\" data-e-type=\"widget\" data-widget_type=\"spacer.default\">\n\t\t\t\t<div class=\"elementor-widget-container\">\n\t\t\t\t\t\t\t<div class=\"elementor-spacer\">\n\t\t\t<div class=\"elementor-spacer-inner\"><\/div>\n\t\t<\/div>\n\t\t\t\t\t\t<\/div>\n\t\t\t\t<\/div>\n\t\t\t\t\t<\/div>\n\t\t<\/div>\n\t\t\t\t\t<\/div>\n\t\t<\/section>\n\t\t\t\t<\/div>\n\t\t","protected":false},"excerpt":{"rendered":"<p>Sister Maria Gl\u00f3ria da Igreja \u2014 January 8, 1992 &#8211; \u2020 January 27, 2021 Precious in the sight of the Lord is the death of his saints. On January 27th, 2021, Sister Maria Gl\u00f3ria da Igreja (Mary Glory of the Church in Portuguese) finished her earthly pilgrimage and went to meet her Divine Spouse.\u00a0 Sister&hellip;&nbsp;<\/p>\n<div class=\"read-more-wrapper\"><a href=\"https:\/\/ssvmusa.org\/index.php\/2021\/02\/10\/the-death-of-one-of-our-sisters-sr-maria-gloria-da-igreja\/\" class=\"button button-primary\" rel=\"bookmark\">Read More<span class=\"screen-reader-text\">The Death of One of Our Sisters: Sr. Maria Gl\u00f3ria da Igreja<\/span><\/a><\/div>\n","protected":false},"author":1,"featured_media":21558,"comment_status":"closed","ping_status":"closed","sticky":false,"template":"","format":"standard","meta":{"neve_meta_sidebar":"","neve_meta_container":"","neve_meta_enable_content_width":"off","neve_meta_content_width":0,"neve_meta_title_alignment":"","neve_meta_author_avatar":"","neve_post_elements_order":"","neve_meta_disable_header":"","neve_meta_disable_footer":"","neve_meta_disable_title":"","neve_meta_reading_time":"","_themeisle_gutenberg_block_has_review":false,"_jetpack_memberships_contains_paid_content":false,"footnotes":""},"categories":[2268],"tags":[2270,2271,2272,94,2269],"class_list":["post-21556","post","type-post","status-publish","format-standard","has-post-thumbnail","hentry","category-2268","tag-faithful-departed","tag-final-perseverance","tag-sister-maria-gloria-da-igreja","tag-spouse-of-christ","tag-the-death-of-a-religious"],"jetpack_featured_media_url":"https:\/\/i0.wp.com\/ssvmusa.org\/1s2s3v5m6\/wp-content\/uploads\/2021\/02\/holy-card-english.jpg?fit=960%2C960&ssl=1","jetpack_sharing_enabled":true,"amp_enabled":true,"_links":{"self":[{"href":"https:\/\/ssvmusa.org\/index.php\/wp-json\/wp\/v2\/posts\/21556","targetHints":{"allow":["GET"]}}],"collection":[{"href":"https:\/\/ssvmusa.org\/index.php\/wp-json\/wp\/v2\/posts"}],"about":[{"href":"https:\/\/ssvmusa.org\/index.php\/wp-json\/wp\/v2\/types\/post"}],"author":[{"embeddable":true,"href":"https:\/\/ssvmusa.org\/index.php\/wp-json\/wp\/v2\/users\/1"}],"replies":[{"embeddable":true,"href":"https:\/\/ssvmusa.org\/index.php\/wp-json\/wp\/v2\/comments?post=21556"}],"version-history":[{"count":5,"href":"https:\/\/ssvmusa.org\/index.php\/wp-json\/wp\/v2\/posts\/21556\/revisions"}],"predecessor-version":[{"id":21587,"href":"https:\/\/ssvmusa.org\/index.php\/wp-json\/wp\/v2\/posts\/21556\/revisions\/21587"}],"wp:featuredmedia":[{"embeddable":true,"href":"https:\/\/ssvmusa.org\/index.php\/wp-json\/wp\/v2\/media\/21558"}],"wp:attachment":[{"href":"https:\/\/ssvmusa.org\/index.php\/wp-json\/wp\/v2\/media?parent=21556"}],"wp:term":[{"taxonomy":"category","embeddable":true,"href":"https:\/\/ssvmusa.org\/index.php\/wp-json\/wp\/v2\/categories?post=21556"},{"taxonomy":"post_tag","embeddable":true,"href":"https:\/\/ssvmusa.org\/index.php\/wp-json\/wp\/v2\/tags?post=21556"}],"curies":[{"name":"wp","href":"https:\/\/api.w.org\/{rel}","templated":true}]}}